{"id":70,"date":"2021-04-06T10:25:57","date_gmt":"2021-04-06T10:25:57","guid":{"rendered":"https:\/\/www.terzopianeta.net\/viventi\/?p=70"},"modified":"2021-04-08T17:06:01","modified_gmt":"2021-04-08T17:06:01","slug":"terra-terzo-pianeta-di-sole","status":"publish","type":"post","link":"https:\/\/www.terzopianeta.net\/viventi\/2021\/04\/06\/terra-terzo-pianeta-di-sole\/","title":{"rendered":"Terra, terzo pianeta di Sole"},"content":{"rendered":"<h3 align=\"center\"><img loading=\"lazy\" decoding=\"async\" class=\"aligncenter size-full wp-image-32\" src=\"https:\/\/www.terzopianeta.net\/viventi\/wp-content\/uploads\/2021\/03\/Terra-pianeta-dei-sapiens.jpg\" alt=\"Terra pianeta dei sapiens\" width=\"940\" height=\"198\" srcset=\"https:\/\/www.terzopianeta.net\/viventi\/wp-content\/uploads\/2021\/03\/Terra-pianeta-dei-sapiens.jpg 940w, https:\/\/www.terzopianeta.net\/viventi\/wp-content\/uploads\/2021\/03\/Terra-pianeta-dei-sapiens-300x63.jpg 300w, https:\/\/www.terzopianeta.net\/viventi\/wp-content\/uploads\/2021\/03\/Terra-pianeta-dei-sapiens-768x162.jpg 768w\" sizes=\"(max-width: 940px) 100vw, 940px\" \/><\/h3>\n<h3 class=\"Stile2\" align=\"center\">Cosa intendiamo dire quando diciamo che<br \/>\nTerra \u00e8 il pianeta di Homo sapiens<\/h3>\n<p class=\"Stile1\" align=\"justify\">Quando diciamo che Terra \u00e8 il pianeta di\u00a0<em>Homo sapiens<\/em>\u00a0non intendiamo dire che il pianeta \u00e8 una propriet\u00e0 della nostra specie, quello che intendiamo \u00e8 che Terra \u00e8 il pianeta che ci ha dato la vita, \u00e8 il pianeta su cui i sapiens si sono evoluti, \u00e8 il pianeta che ci mantiene in vita. Terra \u00e8 il pianeta di Homo sapiens, perch\u00e9 UNA SOLA specie intelligente e autocosciente lo abita.<br \/>\nGli esseri umani non possono dirsi \u201cpi\u00f9 evoluti\u201d di un pomodoro o di un lombrico. Tutte le forme di vita di questo pianeta si sono evolute per pi\u00f9 di tre miliardi e mezzo di anni semplicemente seguendo strade diverse. Tutte le forme di vita di questo pianeta hanno, al pari nostro, il diritto di abitarlo e il diritto alla vita.<br \/>\nQuesto naturalmente non vuol dire che non cercheremo di sterminare spietatamente il prossimo virus che cercher\u00e0 di stabilirsi nei nostri polmoni, ma come esseri autocoscienti non possiamo non sentirci responsabili della sorte del nostro pianeta e degli altri esseri viventi. Un lombrico non sa di esistere, un lombrico non pu\u00f2 scegliere, noi si.<br \/>\nQuesta a nostro parere \u00e8 la fondamentale differenza. Noi non sappiamo se nella nostra galassia o nei miliardi di altre galassie dell\u2019universo esistano altre forme di vita intelligenti, quello che sappiamo di sicuro \u00e8 che ne esiste una qui, sul terzo pianeta di Sole. La cultura, la conoscenza, la tecnologia, l\u2019etica ci rendono diversi dalle altre forme di vita, ci danno un enorme potere. Notoriamente, da un grande potere derivano grandi responsabilit\u00e0.<br \/>\nIl giorno in cui penseremo a noi stessi semplicemente come i sapiens del pianeta Terra sar\u00e0 un grande giorno. Magari potremo anche smettere di cercare di tagliarci la gola a vicenda ed iniziare a pensare a come prenderci cura del pianeta che ci ha dato la vita, potremo finalmente assumercene la responsabilit\u00e0.<br \/>\nCerto \u00e8 un giorno ancora lontano, ma la nostra \u00e8 una specie giovane, siamo davvero solo all\u2019inizio. In termini biologici ci siamo appena affacciati alla vita \u201cautocosciente\u201d, siamo come bambini che giocano con i loro nuovi terribili giocattoli, diamoci tempo.<\/p>\n","protected":false},"excerpt":{"rendered":"<p>Cosa intendiamo dire quando diciamo che Terra \u00e8 il pianeta di Homo sapiens Quando diciamo che Terra \u00e8 il pianeta di\u00a0Homo sapiens\u00a0non intendiamo dire che il pianeta \u00e8 una propriet\u00e0 della nostra specie, quello che intendiamo \u00e8 che Terra \u00e8 &hellip; <a href=\"https:\/\/www.terzopianeta.net\/viventi\/2021\/04\/06\/terra-terzo-pianeta-di-sole\/\">Continua<\/a><\/p>\n","protected":false},"author":1,"featured_media":16,"comment_status":"open","ping_status":"open","sticky":false,"template":"","format":"standard","meta":{"kt_blocks_editor_width":"","footnotes":""},"categories":[3],"tags":[],"kb_featured_image_src_large":["https:\/\/www.terzopianeta.net\/viventi\/wp-content\/uploads\/2021\/03\/1331925675166-1024x671.jpg",1024,671,true],"kb_author_info":{"display_name":"webmacca","author_link":"https:\/\/www.terzopianeta.net\/viventi\/author\/webmacca\/","author_image":"https:\/\/secure.gravatar.com\/avatar\/e8b341b65951925f033b73fe398bbc6f?s=96&d=mm&r=g"},"kb_comment_info":0,"kb_category_info":[{"term_id":3,"name":"Redazione","slug":"redazione","term_group":0,"term_taxonomy_id":3,"taxonomy":"category","description":"","parent":0,"count":1,"filter":"raw","cat_ID":3,"category_count":1,"category_description":"","cat_name":"Redazione","category_nicename":"redazione","category_parent":0}],"_links":{"self":[{"href":"https:\/\/www.terzopianeta.net\/viventi\/wp-json\/wp\/v2\/posts\/70"}],"collection":[{"href":"https:\/\/www.terzopianeta.net\/viventi\/wp-json\/wp\/v2\/posts"}],"about":[{"href":"https:\/\/www.terzopianeta.net\/viventi\/wp-json\/wp\/v2\/types\/post"}],"author":[{"embeddable":true,"href":"https:\/\/www.terzopianeta.net\/viventi\/wp-json\/wp\/v2\/users\/1"}],"replies":[{"embeddable":true,"href":"https:\/\/www.terzopianeta.net\/viventi\/wp-json\/wp\/v2\/comments?post=70"}],"version-history":[{"count":2,"href":"https:\/\/www.terzopianeta.net\/viventi\/wp-json\/wp\/v2\/posts\/70\/revisions"}],"predecessor-version":[{"id":72,"href":"https:\/\/www.terzopianeta.net\/viventi\/wp-json\/wp\/v2\/posts\/70\/revisions\/72"}],"wp:featuredmedia":[{"embeddable":true,"href":"https:\/\/www.terzopianeta.net\/viventi\/wp-json\/wp\/v2\/media\/16"}],"wp:attachment":[{"href":"https:\/\/www.terzopianeta.net\/viventi\/wp-json\/wp\/v2\/media?parent=70"}],"wp:term":[{"taxonomy":"category","embeddable":true,"href":"https:\/\/www.terzopianeta.net\/viventi\/wp-json\/wp\/v2\/categories?post=70"},{"taxonomy":"post_tag","embeddable":true,"href":"https:\/\/www.terzopianeta.net\/viventi\/wp-json\/wp\/v2\/tags?post=70"}],"curies":[{"name":"wp","href":"https:\/\/api.w.org\/{rel}","templated":true}]}}